{"provider_url": "https://www.saudadedoiguacu.pr.leg.br", "title": "Perguntas Frequentes", "html": "<p style=\"text-align: justify; \">Esta se\u00e7\u00e3o de perguntas e respostas possui car\u00e1ter informativo e educativo, com as d\u00favidas mais frequentes apresentadas pelo p\u00fablico em geral. O enunciado das perguntas foi elaborado pensando-se na experi\u00eancia cotidiana de vereadores e servidores no atendimento ao p\u00fablico. Os enunciados refletem a espontaneidade com que pessoas comuns elaboram essas perguntas.</p>\r\n<p class=\"Normal1\" style=\"text-align: justify; \">Nesse sentido, foi adotada tanto quanto poss\u00edvel uma linguagem simples e de f\u00e1cil compreens\u00e3o para o p\u00fablico em geral. Tentou-se evitar o uso de uma linguagem e termos t\u00e9cnicos em seu sentido mais rigoroso, segundo a doutrina jur\u00eddica e do Direito P\u00fablico Brasileiro.</p>\r\n<p class=\"Normal1\" style=\"text-align: justify; \">Portanto, as respostas n\u00e3o devem ser consideradas como um posicionamento formal da C\u00e2mara Municipal de Saudade do Igua\u00e7u sobre interpreta\u00e7\u00e3o legal da legisla\u00e7\u00e3o que cita, para quaisquer fins de direito.</p>\r\n<p class=\"Normal1\" style=\"text-align: justify; \">As respostas a seguir consideram a Legisla\u00e7\u00e3o Municipal, Estadual e Federal vigente na \u00e9poca de sua elabora\u00e7\u00e3o. Assim, deve-se evitar a compara\u00e7\u00e3o com outros Munic\u00edpios, que podem possuir legisla\u00e7\u00f5es espec\u00edficas sobre determinados temas de compet\u00eancia de cada Munic\u00edpio.</p>\r\n<p><img alt=\"FAQ\" class=\"image-right\" src=\"https://www.santoantoniodaplatina.pr.leg.br/imagens/faq-logo.png/image_thumb\" title=\"Faq Logo\" /></p>\r\n<h2>Perguntas</h2>\r\n<ol>\r\n<li><a title=\"\" href=\"https://www.saudadedoiguacu.pr.leg.br/faq#o-que-faz-um-vereador--ele-pode-mandar-construir-escola-ou-asfaltar-minha-rua--comprar-um-ve-culo-para-a-prefeitura-municipal-\" class=\"internal-link\" target=\"_self\">O que faz um vereador? Ele pode mandar construir uma escola ou asfaltar minha rua?</a></li>\r\n<li><a title=\"\" href=\"https://www.saudadedoiguacu.pr.leg.br/faq#o-vereador-pode-apresentar-qualquer-tipo-de-projeto-de-lei-\" class=\"internal-link\" target=\"_self\">O Vereador pode apresentar qualquer tipo de projeto de lei?</a></li>\r\n<li><a title=\"\" href=\"https://www.saudadedoiguacu.pr.leg.br/faq#--verdade-que-o-vereador-s--trabalha-dois-dias-por-semana-\" class=\"internal-link\" target=\"_self\">\u00c9 verdade que o vereador s\u00f3 trabalha dois dias por semana?</a></li>\r\n<li><a title=\"\" href=\"https://www.saudadedoiguacu.pr.leg.br/faq#quais-s-o-os-dias-e-hor-rios-das-sess-es-\" class=\"internal-link\" target=\"_self\">Quais s\u00e3o os dias e hor\u00e1rios das sess\u00f5es?</a></li>\r\n<li><a title=\"\" href=\"https://www.saudadedoiguacu.pr.leg.br/faq#a-c-mara-s--est--aberta-quando-as-sess-es-ocorrem-\" class=\"internal-link\" target=\"_self\">A C\u00e2mara s\u00f3 est\u00e1 aberta quando as sess\u00f5es ocorrem?</a></li>\r\n<li><a title=\"\" href=\"https://www.saudadedoiguacu.pr.leg.br/faq#como-saber-o-que-vai-ser-votado-na-sess-o-\" class=\"internal-link\" target=\"_self\">Como saber o que vai ser votado na Sess\u00e3o?</a></li>\r\n<li><a title=\"\" href=\"https://www.saudadedoiguacu.pr.leg.br/faq#como-participar-de-uma-sess-o-ou-evento-da-c-mara-municipal-\" class=\"internal-link\" target=\"_self\">Como participar de uma sess\u00e3o ou evento da C\u00e2mara Municipal?</a></li>\r\n<li><a title=\"\" href=\"https://www.saudadedoiguacu.pr.leg.br/faq#--verdade-que-o-vereador-tem-f-rias-duas-vezes-por-ano-\" class=\"internal-link\" target=\"_self\">\u00c9 verdade que o Vereador tem f\u00e9rias duas vezes por ano?</a></li>\r\n<li><a title=\"\" href=\"https://www.saudadedoiguacu.pr.leg.br/faq#a-c-mara-n-o-funciona-em-julho-e-dezembro--em-que--poca-a-c-mara-fecha-\" class=\"internal-link\" target=\"_self\">A C\u00e2mara n\u00e3o funciona em julho e dezembro? Em que \u00e9poca a C\u00e2mara fecha?</a></li>\r\n<li><a title=\"\" href=\"https://www.saudadedoiguacu.pr.leg.br/faq#--verdade-que-os-vereadores-recebem-a-mais-por-cada-sess-o-extraordin-ria-que-participa-\" class=\"internal-link\" target=\"_self\">\u00c9 verdade que os Vereadores recebem a mais por cada Sess\u00e3o Extraordin\u00e1ria que participa?</a></li>\r\n<li><a title=\"\" href=\"https://www.saudadedoiguacu.pr.leg.br/faq#--verdade-que-os-vereadores-recebem-por-quantidade-de-projetos-de-leis-aprovados-\" class=\"internal-link\" target=\"_self\">\u00c9 verdade que os Vereadores recebem por quantidade de Projetos de Leis aprovados?</a></li>\r\n<li><a title=\"\" href=\"https://www.saudadedoiguacu.pr.leg.br/faq#os-vereadores-podem-aumentar-o-pr-prio-sal-rio-\" class=\"internal-link\" target=\"_self\">Os Vereadores podem aumentar o pr\u00f3prio sal\u00e1rio?</a></li>\r\n<li><a title=\"\" href=\"https://www.saudadedoiguacu.pr.leg.br/faq#existe-um-limite-para-o-sal-rio-dos-vereadores-\" class=\"internal-link\" target=\"_self\">Existe um limite para o sal\u00e1rio dos Vereadores?</a></li>\r\n<li><a title=\"\" href=\"https://www.saudadedoiguacu.pr.leg.br/faq#qual-a-diferen-a-entre-subs-dio-e-sal-rio-\" class=\"internal-link\" target=\"_self\">Qual a diferen\u00e7a entre subs\u00eddio e sal\u00e1rio?</a></li>\r\n<li><a title=\"\" href=\"https://www.saudadedoiguacu.pr.leg.br/faq#quantos-vereadores-comp-em-a-c-mara--n-o-pode-ter-menos--pode-ter-mais-\" class=\"internal-link\" target=\"_self\">Quantos vereadores comp\u00f5em a C\u00e2mara? N\u00e3o pode ter menos? Pode ter mais?</a></li>\r\n<li><a title=\"\" href=\"https://www.saudadedoiguacu.pr.leg.br/faq#--verdade-que-cada-vereador-tem-direito-a-um-assessor-\" class=\"internal-link\" target=\"_self\">\u00c9 verdade que cada Vereador tem direito a um assessor?</a></li>\r\n<li>\u00c9<a title=\"\" href=\"https://www.saudadedoiguacu.pr.leg.br/faq#--a-prefeitura-que-paga-os-sal-rios-e-as-contas-da-c-mara-municipal--como---feito-esse-pagamento-\" class=\"internal-link\" target=\"_self\"> a Prefeitura que paga os sal\u00e1rios e as contas da C\u00e2mara Municipal? Como \u00e9 feito esse pagamento?</a></li>\r\n<li><a title=\"\" href=\"https://www.saudadedoiguacu.pr.leg.br/faq#qual-a-fun--o-da-mesa-diretiva--o-que-faz-o-presidente--o-vice-presidente--o-1---secret-rio-e-o-2---secret-rio-\" class=\"internal-link\" target=\"_self\">Qual a fun\u00e7\u00e3o da Mesa Diretiva? O que faz o Presidente, o Vice-Presidente, o 1.\u00ba Secret\u00e1rio e o 2.\u00ba Secret\u00e1rio?</a></li>\r\n</ol>\r\n<p>\u00a0</p>\r\n<h2>Respostas</h2>\r\n<p>\u00a0</p>\r\n<h3 style=\"text-align: justify; \"><a name=\"o-que-faz-um-vereador--ele-pode-mandar-construir-escola-ou-asfaltar-minha-rua--comprar-um-ve-culo-para-a-prefeitura-municipal-\"></a>O que faz um vereador? Ele pode mandar construir escola ou asfaltar minha rua, comprar um ve\u00edculo para a Prefeitura Municipal?</h3>\r\n<p class=\" \" style=\"text-align: justify; \">O vereador atua em tr\u00eas frentes:</p>\r\n<p class=\" \" style=\"text-align: justify; \">Ele faz leis que entende que podem melhorar a vida da cidade e da popula\u00e7\u00e3o, bem como decide por meio de voto com os demais vereadores quais projetos de autoria dele, dos seus pares ou da prefeitura se tornar\u00e3o leis;</p>\r\n<p class=\" \" style=\"text-align: justify; \">Ele fiscaliza a prefeitura, vendo se o Executivo est\u00e1 cumprindo suas obriga\u00e7\u00f5es de maneira adequada e sem descumprir a lei, denunciando irregularidades quando as encontra e at\u00e9 mesmo, em \u00faltima inst\u00e2ncia, podendo cassar o prefeito caso sejam comprovadas irregularidades.</p>\r\n<p class=\" \" style=\"text-align: justify; \">Uma das formas de fiscalizar \u00e9 a ferramenta legal chamada \u201crequerimentos\u201d, utilizado para questionamentos e solicita\u00e7\u00e3o de documentos que o vereador quer verificar: o prefeito \u00e9 obrigado a responder de forma objetiva a estes requerimentos;</p>\r\n<p class=\" \" style=\"text-align: justify; \">Ele atua como ponte de liga\u00e7\u00e3o entre a popula\u00e7\u00e3o e a prefeitura, utilizando-se de uma ferramenta legal que t\u00eam \u00e0 sua disposi\u00e7\u00e3o chamada \u201cindica\u00e7\u00e3o\u201d, na qual indica para o prefeito quais s\u00e3o as necessidades dos bairros e pede solu\u00e7\u00f5es.</p>\r\n<p class=\" \" style=\"text-align: justify; \">Desta forma, um vereador N\u00c3O pode mandar asfaltar uma rua ou construir uma escola (isso \u00e9 uma obriga\u00e7\u00e3o da prefeitura), mas o vereador PODE indicar ao prefeito que determinada obra precisa ser feita e cobrar encaminhamentos, dando assim mais for\u00e7a para que a quest\u00e3o seja resolvida.</p>\r\n<p class=\" \" style=\"text-align: justify; \">\u00a0</p>\r\n<h3 style=\"text-align: justify; \"><a name=\"o-vereador-pode-apresentar-qualquer-tipo-de-projeto-de-lei-\"></a>O Vereador pode apresentar qualquer tipo de projeto de lei?</h3>\r\n<p style=\"text-align: justify; \">A apresenta\u00e7\u00e3o de um projeto de lei deve observar as compet\u00eancias de iniciativa de cada Poder estabelecidas, por exemplo na <a title=\"\" href=\"https://www.saudadedoiguacu.pr.leg.br/leis/lei-organica-municipal\" class=\"external-link\" target=\"_self\">Lei Org\u00e2nica</a> Municipal ou em outras normas legais.</p>\r\n<p style=\"text-align: justify; \">Basicamente, o Poder Legislativo n\u00e3o possui compet\u00eancia em apresentar projeto de lei que crie obriga\u00e7\u00f5es ao Poder Executivo ou que modifique o seu or\u00e7amento.</p>\r\n<p style=\"text-align: justify; \">\u00a0</p>\r\n<h3 style=\"text-align: justify; \"><a name=\"--verdade-que-o-vereador-s--trabalha-dois-dias-por-semana-\"></a>\u00c9 verdade que o vereador s\u00f3 trabalha um dia por semana?</h3>\r\n<p style=\"text-align: justify; \">De maneira alguma: ocorre que as Sess\u00f5es Ordin\u00e1rias da C\u00e2mara Municipal, isto \u00e9, a reuni\u00e3o na qual os vereadores votam nos projetos de lei, debatem e discursam sobre quest\u00f5es que consideram relevantes, s\u00e3o realizadas sempre \u00e0s segundas-feiras.\u00a0</p>\r\n<p style=\"text-align: justify; \">Al\u00e9m disso, os Vereadores participam de Comiss\u00f5es Permanentes que analisam os projetos de leis e outras proposituras; participam de Conselhos e Comit\u00eas Municipais representando o Poder Legislativo; al\u00e9m de participar de encontros e reuni\u00f5es com \u00f3rg\u00e3os da Administra\u00e7\u00e3o P\u00fablica Municipal, Estadual ou, at\u00e9 mesmo Federal.</p>\r\n<p style=\"text-align: justify; \">\u00a0</p>\r\n<h3 style=\"text-align: justify; \"><a name=\"quais-s-o-os-dias-e-hor-rios-das-sess-es-\"></a>Quais s\u00e3o os dias e hor\u00e1rios das sess\u00f5es?</h3>\r\n<p class=\"Normal1\" style=\"text-align: justify; \">As Sess\u00f5es Ordin\u00e1rias da C\u00e2mara ocorrem nas segundas-feiras, com in\u00edcio \u00e0s 18h30min\u00a0 - durante o per\u00edodo legislativo que vai de 15 de fevereiro at\u00e9 30 de junho, e de 1.\u00ba de agosto \u00e0 15 de dezembro de cada ano.</p>\r\n<p class=\"Normal1\" style=\"text-align: justify; \">As Sess\u00f5es Extraordin\u00e1rias podem ocorrer a qualquer tempo, desde que convocadas com prazo m\u00ednimo de 24 horas da sua realiza\u00e7\u00e3o e devidamente divulgadas.</p>\r\n<p class=\"Normal1\" style=\"text-align: justify; \">Veja tamb\u00e9m:</p>\r\n<p class=\"Normal1\" style=\"text-align: justify; \">A<a title=\"\" href=\"https://www.saudadedoiguacu.pr.leg.br/faq#a-c-mara-n-o-funciona-em-julho-e-dezembro--em-que--poca-a-c-mara-fecha-\" class=\"internal-link\" target=\"_self\"> C\u00e2mara n\u00e3o funciona em julho e em dezembro? Em que \u00e9poca a C\u00e2mara fecha?</a></p>\r\n<p class=\"Normal1\" style=\"text-align: justify; \">\u00a0</p>\r\n<h3 style=\"text-align: justify; \"><a name=\"a-c-mara-s--est--aberta-quando-as-sess-es-ocorrem-\"></a><a name=\"a-c-mara-s--est--aberta-quando-as-sess-es-ocorrem-\"></a>A C\u00e2mara s\u00f3 est\u00e1 aberta quando as sess\u00f5es ocorrem?</h3>\r\n<p class=\"Normal1\" style=\"text-align: justify; \">O hor\u00e1rio de atendimento ao p\u00fablico em geral \u00e9: de segunda \u00e0 sexta-feira, das 08h at\u00e9 as 12h e das 13h at\u00e9 as 17h \u2013 o hor\u00e1rio de almo\u00e7o \u00e9 das 12h at\u00e9 as 13h.</p>\r\n<p class=\"Normal1\" style=\"text-align: justify; \">O atendimento ao p\u00fablico ocorre na sede da C\u00e2mara Municipal .</p>\r\n<p class=\"Normal1\" style=\"text-align: justify; \">N\u00e3o h\u00e1 expediente aos finais de semana e feriados nacionais e dias de ponto facultativo decretados pelo Munic\u00edpio.</p>\r\n<p class=\"Normal1\" style=\"text-align: justify; \">N\u00e3o h\u00e1 expediente nos feriados municipais.</p>\r\n<p class=\"Normal1\" style=\"text-align: justify; \">\u00a0</p>\r\n<p style=\"text-align: justify; \">Os recessos administrativos de fim de ano, s\u00e3o estabelecidos por meio de decreto, cuja dura\u00e7\u00e3o fica a crit\u00e9rio da Mesa Diretora.</p>\r\n<p class=\"Normal1\" style=\"text-align: justify; \">\u00a0</p>\r\n<h3 style=\"text-align: justify; \"><a name=\"como-saber-o-que-vai-ser-votado-na-sess-o-\"></a>Como saber o que vai ser votado na Sess\u00e3o?</h3>\r\n<p class=\"Normal1\" style=\"text-align: justify; \">A C\u00e2mara divulga a pauta da Ordem do Dia em seu site com anteced\u00eancia m\u00ednima de 8 horas das reuni\u00f5es.</p>\r\n<p class=\"Normal1\" style=\"text-align: justify; \">A pauta pode ser consultada no seguinte link:</p>\r\n<p class=\"Normal1\" style=\"text-align: justify; \"><a title=\"\" href=\"https://www.saudadedoiguacu.pr.leg.br/processo-legislativo/pautas-das-sessoes\" class=\"external-link\" target=\"_self\">https://www.saudadedoiguacu.pr.leg.br/processo-legislativo/pautas-das-sessoes</a></p>\r\n<p class=\"Normal1\" style=\"text-align: justify; \">\u00a0</p>\r\n<h3 style=\"text-align: justify; \"><a name=\"como-participar-de-uma-sess-o-ou-evento-da-c-mara-municipal-\"></a>Como participar de uma sess\u00e3o ou evento da C\u00e2mara Municipal?</h3>\r\n<p style=\"text-align: justify; \">Para assistir \u00e0s reuni\u00f5es basta comparecer no endere\u00e7o:<a class=\"external-link\" href=\"https://www.google.com.br/maps/search/camara+municipal+de+saudade+do+igua%C3%A7u/@-25.692996,-52.6192639,17z/data=!3m1!4b1?entry=ttu\" target=\"_self\" title=\"\"> Rua, Alfides Marangon 727</a>.</p>\r\n<p style=\"text-align: justify; \">\u00c9 permitido a qualquer pessoa, convenientemente trajada, ingressar no recinto do Plen\u00e1rio da C\u00e2mara.</p>\r\n<p style=\"text-align: justify; \">Entretanto, \u00e9 proibido o porte de armas, consumir bebidas alco\u00f3licas ou estar embriagado e fumar. O cidad\u00e3o deve tamb\u00e9m comporta se com urbanidade e n\u00e3o deve conversar ou comportar-se de forma a atrapalhar os andamentos dos trabalhos da Sess\u00e3o.</p>\r\n<p style=\"text-align: justify; \">Os direitos e deveres de acesso ao p\u00fablico est\u00e3o previstas no <a title=\"\" href=\"https://www.saudadedoiguacu.pr.leg.br/institucional/regimento-interno/regimento-interno\" class=\"external-link\" target=\"_self\">Regimento Interno</a>.</p>\r\n<p style=\"text-align: justify; \">\u00a0</p>\r\n<h3 style=\"text-align: justify; \"><a name=\"--verdade-que-o-vereador-tem-f-rias-duas-vezes-por-ano-\"></a>\u00c9 verdade que o Vereador tem f\u00e9rias duas vezes por ano?</h3>\r\n<p style=\"text-align: justify; \">De maneira alguma. O que ocorre duas vezes por ano s\u00e3o os recessos legislativos, nos quais n\u00e3o ocorrem reuni\u00f5es ordin\u00e1rias.</p>\r\n<p style=\"text-align: justify; \">Vereadores n\u00e3o t\u00eam f\u00e9rias nem recebem valores al\u00e9m de seus subs\u00eddios mensais, tais como proporcional de 1/3 de f\u00e9rias, 13.\u00ba sal\u00e1rio etc.</p>\r\n<p style=\"text-align: justify; \">Contudo o atendimento ao p\u00fablico ocorre normalmente na Secretaria, com entrada pelo estacionamento, ao lado do sal\u00e3o principal do Plen\u00e1rio.</p>\r\n<p style=\"text-align: justify; \">Veja tamb\u00e9m:</p>\r\n<p style=\"text-align: justify; \"><a title=\"\" href=\"https://www.saudadedoiguacu.pr.leg.br/faq#a-c-mara-s--est--aberta-quando-as-sess-es-ocorrem-\" class=\"internal-link\" target=\"_self\">A C\u00e2mara s\u00f3 est\u00e1 aberta quando as Sess\u00f5es acontecem?</a></p>\r\n<p style=\"text-align: justify; \">\u00a0</p>\r\n<p style=\"text-align: justify; \">\u00a0</p>\r\n<h3 style=\"text-align: justify; \"><a name=\"a-c-mara-n-o-funciona-em-julho-e-dezembro--em-que--poca-a-c-mara-fecha-\"></a>A C\u00e2mara n\u00e3o funciona em julho e dezembro? Em que \u00e9poca a C\u00e2mara fecha?</h3>\r\n<p style=\"text-align: justify; \">Entre os dias 15 de dezembro a 15 de fevereiro e entre 1.\u00ba \u00e0 31 de julho ocorrem os recessos do legislativo onde as Sess\u00f5es Ordin\u00e1rias est\u00e3o suspensas.</p>\r\n<p style=\"text-align: justify; \">Entretanto, nesse per\u00edodo ainda podem ocorrer as sess\u00f5es extraordin\u00e1rias, convocadas na forma regimental.</p>\r\n<p style=\"text-align: justify; \">Contudo, o expediente administrativo n\u00e3o \u00e9 afetado. A Secretaria da C\u00e2mara Municipal continua funcionando de segunda a sexta-feira, das 08h \u00e0s 12h e das 13h at\u00e9 as 17h.</p>\r\n<p style=\"text-align: justify; \">Veja tamb\u00e9m:</p>\r\n<p style=\"text-align: justify; \"><a title=\"\" href=\"https://www.saudadedoiguacu.pr.leg.br/faq#a-c-mara-s--est--aberta-quando-as-sess-es-ocorrem-\" class=\"internal-link\" target=\"_self\">A C\u00e2mara s\u00f3 est\u00e1 aberta quando as Sess\u00f5es acontecem?</a></p>\r\n<p style=\"text-align: justify; \">\u00a0</p>\r\n<h3 style=\"text-align: justify; \"><a name=\"--verdade-que-os-vereadores-recebem-a-mais-por-cada-sess-o-extraordin-ria-que-participa-\"></a>\u00c9 verdade que os Vereadores recebem a mais por cada Sess\u00e3o Extraordin\u00e1ria que participa?</h3>\r\n<p style=\"text-align: justify; \">De maneira alguma! O subs\u00eddio n\u00e3o \u00e9 condicionado ao n\u00famero de sess\u00f5es realizadas. O subs\u00eddio \u00e9 um valor mensal fixo, definido em lei, para desempenhar todas as suas atividades legislativas.</p>\r\n<p style=\"text-align: justify; \">\u00a0</p>\r\n<h3 style=\"text-align: justify; \"><a name=\"--verdade-que-os-vereadores-recebem-por-quantidade-de-projetos-de-leis-aprovados-\"></a>\u00c9 verdade que os Vereadores recebem por quantidade de Projetos de Leis aprovados?</h3>\r\n<p class=\"Normal1\" style=\"text-align: justify; \">De maneira alguma! O subs\u00eddio dos Vereadores n\u00e3o \u00e9 condicionado \u00e0 quantidade de projetos de lei aprovados. O subs\u00eddio \u00e9 um valor mensal fixo, definido em lei, para desempenhar todas as suas atividades legislativas.</p>\r\n<p style=\"text-align: justify; \">\u00a0</p>\r\n<h3 style=\"text-align: justify; \"><a name=\"os-vereadores-podem-aumentar-o-pr-prio-sal-rio-\"></a>Os Vereadores podem aumentar o pr\u00f3prio sal\u00e1rio?</h3>\r\n<p style=\"text-align: justify; \">De acordo com o inciso VI do art. 29 da Constitui\u00e7\u00e3o Federal, o subs\u00eddio dos vereadores ser\u00e1 fixado em cada legislatura para a pr\u00f3xima, isto \u00e9, para os pr\u00f3ximos vereadores que ser\u00e3o eleitos e tomar\u00e3o posse na pr\u00f3xima gest\u00e3o.</p>\r\n<p style=\"text-align: justify; \">Ver tamb\u00e9m:\u00a0</p>\r\n<p style=\"text-align: justify; \"><a title=\"\" href=\"https://www.saudadedoiguacu.pr.leg.br/faq#existe-um-limite-para-o-sal-rio-dos-vereadores-\" class=\"internal-link\" target=\"_self\">Existe um limite para o sal\u00e1rio dos Vereadores?</a></p>\r\n<p style=\"text-align: justify; \"><a title=\"\" href=\"https://www.saudadedoiguacu.pr.leg.br/faq#qual-a-diferen-a-entre-subs-dio-e-sal-rio-\" class=\"internal-link\" target=\"_self\">Qual a diferen\u00e7a entre sal\u00e1rio e subs\u00eddio?</a></p>\r\n<p style=\"text-align: justify; \">\u00a0</p>\r\n<h3 style=\"text-align: justify; \"><a name=\"existe-um-limite-para-o-sal-rio-dos-vereadores-\"></a>Existe um limite para o sal\u00e1rio dos Vereadores?</h3>\r\n<p style=\"text-align: justify; \">Sim. De acordo com o Inciso VI do art. 29 da Constitui\u00e7\u00e3o Federal, esses limites consideram o n\u00famero de habitantes e o sal\u00e1rio dos deputados das respectivas Assembleias Estaduais, que s\u00e3o:</p>\r\n<p style=\"text-align: justify; \">\u00a0</p>\r\n<table>\r\n<tbody>\r\n<tr>\r\n<td>\r\n<p align=\"center\" class=\"Normal1\">N\u00daMERO DE HABITANTES</p>\r\n<p align=\"center\" class=\"Normal1\">(POPULA\u00c7\u00c3O)</p>\r\n</td>\r\n<td>\r\n<p align=\"center\" class=\"Normal1\">LIMITE EM FUN\u00c7\u00c3O DO</p>\r\n<p align=\"center\" class=\"Normal1\">SUBS\u00cdDIO DO DESPUTADO ESTADUAL</p>\r\n</td>\r\n</tr>\r\n<tr>\r\n<td>\r\n<p align=\"center\" class=\"Normal1\">At\u00e9 10.000</p>\r\n</td>\r\n<td>\r\n<p align=\"center\" class=\"Normal1\">20%</p>\r\n</td>\r\n</tr>\r\n<tr>\r\n<td>\r\n<p align=\"center\" class=\"Normal1\">De 10.001 a 50.000</p>\r\n</td>\r\n<td>\r\n<p align=\"center\" class=\"Normal1\">30%</p>\r\n</td>\r\n</tr>\r\n<tr>\r\n<td>\r\n<p align=\"center\" class=\"Normal1\">De 50.001 a 100.000</p>\r\n</td>\r\n<td>\r\n<p align=\"center\" class=\"Normal1\">40%</p>\r\n</td>\r\n</tr>\r\n<tr>\r\n<td>\r\n<p align=\"center\" class=\"Normal1\">De 100.001 a 300.000</p>\r\n</td>\r\n<td>\r\n<p align=\"center\" class=\"Normal1\">50%</p>\r\n</td>\r\n</tr>\r\n<tr>\r\n<td>\r\n<p align=\"center\" class=\"Normal1\">De 300.001 a 500.000</p>\r\n</td>\r\n<td>\r\n<p align=\"center\" class=\"Normal1\">60%</p>\r\n</td>\r\n</tr>\r\n<tr>\r\n<td>\r\n<p align=\"center\" class=\"Normal1\">Mais de 500.000</p>\r\n</td>\r\n<td>\r\n<p align=\"center\" class=\"Normal1\">75%</p>\r\n</td>\r\n</tr>\r\n</tbody>\r\n</table>\r\n<p style=\"text-align: justify; \"><br />Em um Munic\u00edpio com at\u00e9 10.000 (dez mil) habitantes, o subs\u00eddio do vereador n\u00e3o poder\u00e1 ultrapassar 20% do valor do subs\u00eddio do Deputado Estadual de seu respectivo Estado.</p>\r\n<p style=\"text-align: justify; \">\u00a0</p>\r\n<h3 style=\"text-align: justify; \"><a name=\"qual-a-diferen-a-entre-subs-dio-e-sal-rio-\"></a>Qual a diferen\u00e7a entre subs\u00eddio e sal\u00e1rio?</h3>\r\n<p style=\"text-align: justify; \">Subs\u00eddio \u00e9 uma retribui\u00e7\u00e3o em dinheiro paga mensalmente a determinados agentes pol\u00edticos.\u00a0</p>\r\n<p style=\"text-align: justify; \">N\u00e3o d\u00e1 direito a proporcional de um ter\u00e7o de f\u00e9rias e a 13.\u00ba sal\u00e1rio. Segundo o \u00a7 4.\u00ba do Art. 36 da Constitui\u00e7\u00e3o Federal, \u00e9 vedado o acr\u00e9scimo de qualquer gratifica\u00e7\u00e3o, adicional, abono, pr\u00eamio e verba de representa\u00e7\u00e3o \u00e0queles que recebem subs\u00eddio.</p>\r\n<p style=\"text-align: justify; \">\u00a0</p>\r\n<h3 style=\"text-align: justify; \"><a name=\"quantos-vereadores-comp-em-a-c-mara--n-o-pode-ter-menos--pode-ter-mais-\"></a>Quantos vereadores comp\u00f5em a C\u00e2mara? N\u00e3o pode ter menos? Pode ter mais?</h3>\r\n<p class=\"Normal1\" style=\"text-align: justify; \">A C\u00e2mara Municipal de Saudade do Igua\u00e7u possui 09 (nove) cadeiras (ou vereadores) conforme estabelecido pela <a title=\"\" href=\"https://www.saudadedoiguacu.pr.leg.br/leis/lei-organica-municipal\" class=\"external-link\" target=\"_self\">Lei Org\u00e2nica Municipal.</a></p>\r\n<p class=\"Normal1\" style=\"text-align: justify; \">\u00a0</p>\r\n<p style=\"text-align: justify; \">\u00a0</p>\r\n<h3 style=\"text-align: justify; \"><a name=\"--verdade-que-cada-vereador-tem-direito-a-um-assessor-\"></a>\u00c9 verdade que cada Vereador tem direito a um assessor?</h3>\r\n<p class=\"Normal1\" style=\"text-align: justify; \">N\u00e3o h\u00e1 previs\u00e3o para assessores individuais na legisla\u00e7\u00e3o do Munic\u00edpio. O quadro de funcion\u00e1rios da C\u00e2mara \u00e9 estabelecido pela<a title=\"\" href=\"https://www.saudadedoiguacu.pr.leg.br/transparencia/parlamentares-e-gabinetes/lano-de-cargos-e-vencimentos-dos-servidores-do-poder-legislativo\" class=\"external-link\" target=\"_self\"> Lei Municipal n.\u00ba 1.120/2017</a>.</p>\r\n<p class=\"Normal1\" style=\"text-align: justify; \">Atualmente a C\u00e2mara possui 4 cargos comissionados, sendo 1 de Assessor da Presid\u00eancia e 3 Assessores Parlamentares.</p>\r\n<p class=\"Normal1\" style=\"text-align: justify; \">Os demais servidores s\u00e3o cargos de carreira, preenchidos por concurso p\u00fablico: 2 contadores, 1 Assessor Jur\u00eddico, 1 Secret\u00e1rio Administrativo, 2 Assistente Administrativo e 1 Auxiliar de Servi\u00e7os Gerais.</p>\r\n<p class=\"Normal1\" style=\"text-align: justify; \"><span>\u00a0</span></p>\r\n<h3 style=\"text-align: justify; \"><a name=\"--a-prefeitura-que-paga-os-sal-rios-e-as-contas-da-c-mara-municipal--como---feito-esse-pagamento-\"></a>\u00c9 a Prefeitura que paga os sal\u00e1rios e as contas da C\u00e2mara Municipal? Como \u00e9 feito esse pagamento?</h3>\r\n<p class=\"Normal1\" style=\"text-align: justify; \">De acordo com a legisla\u00e7\u00e3o or\u00e7ament\u00e1ria \u00e9 estabelecido um repasse mensal do Munic\u00edpio ao Poder Legislativo Municipal, denominado duod\u00e9cimo.</p>\r\n<p class=\"Normal1\" style=\"text-align: justify; \">O duod\u00e9cimo \u00e9 a \u00fanica fonte de recursos do Poder Legislativo Municipal.</p>\r\n<p class=\"Normal1\" style=\"text-align: justify; \">Dentro dos limites legais, a C\u00e2mara Municipal possui autonomia para definir o seu or\u00e7amento, realizar despesas e seus pagamentos.</p>\r\n<p class=\"Normal1\" style=\"text-align: justify; \">Desta forma os or\u00e7amentos do Poder Executivo e do Poder Legislativo s\u00e3o independentes.</p>\r\n<p style=\"text-align: justify; \">\u00a0</p>\r\n<h3 style=\"text-align: justify; \"><a name=\"qual-a-fun--o-da-mesa-diretiva--o-que-faz-o-presidente--o-vice-presidente--o-1---secret-rio-e-o-2---secret-rio-\"></a>Qual a fun\u00e7\u00e3o da Mesa Diretiva? O que faz o Presidente, o Vice-Presidente, o 1.\u00ba Secret\u00e1rio e o 2.\u00ba Secret\u00e1rio?</h3>\r\n<p class=\"Normal1\" style=\"text-align: justify; \">As atribui\u00e7\u00f5es da Mesa Diretiva e de cada um dos seus membros est\u00e3o definidas na Lei Org\u00e2nica Municipal e no <a title=\"\" href=\"https://www.saudadedoiguacu.pr.leg.br/institucional/regimento-interno/regimento-interno\" class=\"external-link\" target=\"_self\">Regimento Interno</a> da C\u00e2mara de Vereadores.</p>\r\n<p class=\"Normal1\" style=\"text-align: justify; \">O Presidente da C\u00e2mara \u00e9 a mais alta autoridade da Mesa ao qual cabe fun\u00e7\u00f5es relacionadas ao andamento do processo legislativo; quanto ao andamento das sess\u00f5es; quanto a atividades administrativas da C\u00e2mara; e quanto a representa\u00e7\u00e3o da C\u00e2mara Municipal perante \u00f3rg\u00e3os externos.\u00a0</p>\r\n<p class=\"Normal1\" style=\"text-align: justify; \">Compete ao Vice-Presidente, de acordo com o <a title=\"\" href=\"https://www.saudadedoiguacu.pr.leg.br/institucional/regimento-interno/regimento-interno\" class=\"external-link\" target=\"_self\">Regimento Interno</a>, substituir o presidente em suas faltas, aus\u00eancias, impedimentos, licen\u00e7as ou omiss\u00f5es.</p>\r\n<p class=\"Normal1\" style=\"text-align: justify; \">Ao Primeiro Secret\u00e1rio compete organizar o expediente e a ordem do dia; realizar a leitura das mat\u00e9rias do Pequeno Expediente; supervisionar a reda\u00e7\u00e3o das atas das Sess\u00f5es; entre outras atribui\u00e7\u00f5es.</p>\r\n<p class=\"Normal1\" style=\"text-align: justify; \">Ao Segundo Secret\u00e1rio compete substituir o Primeiro Secret\u00e1rio em suas licen\u00e7as, impedimentos e aus\u00eancias.</p>\r\n<p class=\"Normal1\" style=\"text-align: justify; \">Al\u00e9m disso a Mesa Diretora, em sua totalidade, possui atribui\u00e7\u00f5es pr\u00f3prias discriminadas no <a title=\"\" href=\"https://www.saudadedoiguacu.pr.leg.br/institucional/regimento-interno/regimento-interno\" class=\"external-link\" target=\"_self\">Regimento Interno.</a></p>", "author_name": "Interlegis", "version": "1.0", "author_url": "https://www.saudadedoiguacu.pr.leg.br/author/Interlegis", "provider_name": "PODER LEGISLATIVO MUNICIPAL", "type": "rich"}