{"provider_url": "https://www.saudadedoiguacu.pr.leg.br", "title": "Hist\u00f3ria", "html": "<div class=\"tit-sub\" style=\"text-align: justify; \">Hist\u00f3rico</div>\r\n<div class=\"clear40\" style=\"text-align: justify; \"></div>\r\n<div class=\"txt-not\" style=\"text-align: justify; \"><strong>SAUDADE DO IGUA\u00c7U \u2013 PARAN\u00c1</strong><br /><br />\r\n<h3><strong>ORIGEM DO NOME</strong></h3>\r\n<p>Tudo come\u00e7ou em 1958, quando Jos\u00e9 Ascoli, representante da Cia. Braviaco, sentiu uma forte saudade de sua fam\u00edlia no Rio Grande do Sul enquanto trabalhava na medi\u00e7\u00e3o e venda de terras na regi\u00e3o. Essa emo\u00e7\u00e3o t\u00e3o genu\u00edna inspirou o nome \"Saudades\". Mais tarde, ao ser fundado o munic\u00edpio, o nome foi ajustado para <strong>Saudade do Igua\u00e7u</strong>, em homenagem ao majestoso Rio Igua\u00e7u, onde hoje se encontra a Hidrel\u00e9trica de Salto Santiago.</p>\r\n<h3><strong>UM POVOADO QUE SURGIU DO ESFOR\u00c7O PIONEIRO</strong></h3>\r\n<p>A ocupa\u00e7\u00e3o da regi\u00e3o come\u00e7ou em 1954, quando a Companhia Brasileira de Via\u00e7\u00e3o e Com\u00e9rcio (BRAVIACO) abriu uma trilha at\u00e9 um planalto isolado. Em 1955, o primeiro colono cultivou o solo f\u00e9rtil e, logo, outros pioneiros chegaram, vindos do Rio Grande do Sul e Santa Catarina. Eles trouxeram consigo o trabalho \u00e1rduo e os sonhos de prosperidade, plantando milho e feij\u00e3o e criando su\u00ednos para subsist\u00eancia.</p>\r\n<p>Por\u00e9m, nem tudo foi f\u00e1cil. Nos anos 1960, surgiram conflitos de posse entre colonos e aqueles que alegavam ser propriet\u00e1rios das terras. A quest\u00e3o foi resolvida em 1978, quando o Incra desapropriou as terras e emitiu novos t\u00edtulos, devolvendo a tranquilidade aos moradores.</p>\r\n<h3><strong>O NASCIMENTO DE UM MUNIC\u00cdPIO</strong></h3>\r\n<p>O distrito administrativo de Saudades foi oficialmente criado em 6 de junho de 1973. Em 1979, a regi\u00e3o ganhou o status de distrito judici\u00e1rio, com direito a cart\u00f3rio e subdelegacia. Os primeiros comerciantes locais \u2014 Jo\u00e3o Bazejo, Batista Predebon e \u00c2ngelo Cenci \u2014 venderam produtos simples, mas essenciais: pinga, rapadura e fumo em rolo.</p>\r\n<p>Saudade do Igua\u00e7u tornou-se munic\u00edpio em 19 de mar\u00e7o de 1992, desmembrando-se de Chopinzinho. Atualmente, sua \u00e1rea de 150,05 km\u00b2 \u00e9 marcada por beleza natural e desenvolvimento agr\u00edcola e industrial.</p>\r\n<h3><strong>DESAFIOS E CONQUISTAS POL\u00cdTICAS</strong></h3>\r\n<p>A hist\u00f3ria pol\u00edtica da cidade come\u00e7ou com turbul\u00eancias. Em 1993, o primeiro prefeito eleito, Luiz Giacomini, foi afastado pela Justi\u00e7a Eleitoral, resultando na posse interina de Gilmar Bertoldi. Ap\u00f3s novo pleito, Pedro Fontana assumiu como prefeito, marcando um per\u00edodo de estabilidade e crescimento.</p>\r\n<p>Desde ent\u00e3o, v\u00e1rias gest\u00f5es trabalharam para consolidar o munic\u00edpio, enfrentando desafios e promovendo avan\u00e7os.\u00a0</p>\r\n<h3><strong>ECONOMIA E DESENVOLVIMENTO</strong></h3>\r\n<p>A economia local \u00e9 impulsionada pela produ\u00e7\u00e3o agr\u00edcola, com destaque para milho, feij\u00e3o, soja, gado de corte e leiteiro, al\u00e9m da avicultura. No setor industrial, o munic\u00edpio se destaca na confec\u00e7\u00e3o de roupas, fabrica\u00e7\u00e3o de produtos de ferro e derivados de leite, al\u00e9m de ser refer\u00eancia na gera\u00e7\u00e3o de energia el\u00e9trica, gra\u00e7as \u00e0 Hidrel\u00e9trica de Salto Santiago.</p>\r\n<h3><strong>UMA CIDADE DE FUTURO PROMISSOR</strong></h3>\r\n<p>Saudade do Igua\u00e7u \u00e9 mais do que um pequeno munic\u00edpio no Paran\u00e1. \u00c9 uma terra que carrega hist\u00f3rias de coragem, resili\u00eancia e trabalho \u00e1rduo, moldando um futuro brilhante para seus 5.137 habitantes (IBGE, 2008).</p>\r\n<p>Seja pela for\u00e7a de sua agricultura ou pela energia que move a regi\u00e3o, Saudade do Igua\u00e7u se destaca como exemplo de crescimento e determina\u00e7\u00e3o.</p>\r\n</div>\r\n<div class=\"txt-not\" style=\"text-align: justify; \">Em Saudade do Igua\u00e7u, encontra-se a usina hidrel\u00e9trica de Salto Santiago.\u00a0Criado atrav\u00e9s da Lei Estadual n\u00ba 9914, de 19 de mar\u00e7o de 1992, foi desmembrado de Chopinzinho.<br />O Munic\u00edpio tem uma \u00e1rea superficial de 150,05 Km\u00b2 e limita-se ao Norte com Rio Bonito do Igua\u00e7u, ao Sul e ao Leste com Chopinzinho, e a Oeste com Sulina. Possui uma popula\u00e7\u00e3o de 5.137 habitantes (IBGE \u2013 2008) e distancia-se a 430 km de Curitiba, Capital do Estado do Paran\u00e1.</div>\r\n<div class=\"txt-not\" style=\"text-align: justify; \"></div>\r\n<div class=\"txt-not\" style=\"text-align: justify; \"></div>\r\n<div class=\"txt-not\" style=\"text-align: justify; \">\r\n<h3><strong>HIST\u00d3RICO POL\u00cdTICO DE SAUDADE DO IGUA\u00c7U</strong></h3>\r\n<p>A trajet\u00f3ria pol\u00edtica de Saudade do Igua\u00e7u \u00e9 marcada por epis\u00f3dios intensos e decisivos que moldaram sua identidade enquanto munic\u00edpio. Desde sua emancipa\u00e7\u00e3o em 1992, a cidade viveu momentos de desafios e avan\u00e7os, com gest\u00f5es que trabalharam pela consolida\u00e7\u00e3o do munic\u00edpio.</p>\r\n<p>\u00a0</p>\r\n<hr />\r\n<h4><strong>PRIMEIRA ADMINISTRA\u00c7\u00c3O (1993 \u2013 1996)</strong></h4>\r\n<p>O primeiro prefeito eleito, <strong>Luiz Giacomini (PMDB)</strong>, tomou posse em 1\u00ba de janeiro de 1993, ao lado do vice-prefeito <strong>Arlindo Faust (PTB)</strong>.\u00a0<span>Em mar\u00e7o de 1993, Saudade do Igua\u00e7u enfrentou um marco pol\u00edtico turbulento. O prefeito </span><strong>Luiz Giacomini</strong><span> e o vice-prefeito </span><strong>Arlindo Faust</strong><span> foram declarados ineleg\u00edveis pela Justi\u00e7a Eleitoral, devido ao parentesco de Luiz com o ent\u00e3o prefeito de Chopinzinho, cidade de origem do munic\u00edpio. Essa decis\u00e3o inesperada sacudiu a administra\u00e7\u00e3o local e exigiu uma r\u00e1pida reorganiza\u00e7\u00e3o do poder.</span></p>\r\n<p>Com o afastamento dos titulares, o presidente da C\u00e2mara, <strong>Gilmar Bertoldi</strong>, assumiu o comando do munic\u00edpio, liderando interinamente em um per\u00edodo de grandes incertezas. Sua gest\u00e3o transit\u00f3ria durou at\u00e9 setembro de 1993, quando, sob determina\u00e7\u00e3o judicial, um novo pleito eleitoral foi realizado.</p>\r\n<p>O resultado trouxe uma nova lideran\u00e7a: <strong>Pedro Fontana (PMDB)</strong> foi eleito prefeito, ao lado de <strong>Amarildo Paulo Verdi (PTB)</strong> como vice. Essa vit\u00f3ria marcou um novo cap\u00edtulo para Saudade do Igua\u00e7u, trazendo estabilidade e renova\u00e7\u00e3o ao cen\u00e1rio pol\u00edtico local.</p>\r\n<p><span>Os primeiros vereadores do munic\u00edpio foram:</span></p>\r\n<ul>\r\n<li><strong>Gilmar Bertoldi - PMDB (Presidente 1993/1994)</strong></li>\r\n<li><strong>Francisco Avelino Bochio - PFL (Presidente 1995/1996) - </strong>(in memorian)</li>\r\n<li><strong>\u00a0Azenir dos Santos Cambruzzi - PFL</strong></li>\r\n<li><strong>Comercindo Verona - PMDB -\u00a0</strong>(in memorian)</li>\r\n<li><strong>Cypriano Bett - PMDB -\u00a0</strong>(in memorian)</li>\r\n<li><span><strong>Dirceo Moreira - PDT</strong></span></li>\r\n<li><span><strong>Nilcio Bitencourt da Silva - PTB</strong></span></li>\r\n<li><span><strong>Euclides Gallina- PFL\u00a0</strong></span></li>\r\n<li><strong>Lucir Antonio Confortin - PMDB</strong><span>.</span></li>\r\n</ul>\r\n<br /><hr />\r\n<h4><strong>SEGUNDA ADMINISTRA\u00c7\u00c3O (1997 \u2013 2000)</strong></h4>\r\n<p>Em 1996, <strong>Daizi Trento (PDT)</strong> foi eleito prefeito, tendo como vice <strong>Alfonso Marangon (PTB)</strong>. Este per\u00edodo foi marcado por avan\u00e7os na infraestrutura local e no fortalecimento dos servi\u00e7os p\u00fablicos.</p>\r\n<p>Os vereadores eleitos foram:</p>\r\n<ul>\r\n<li><strong>Francisco Avelino Bochio (PFL)</strong> \u2013 Presidente (1997/1998) -\u00a0<span>(in memoriam)</span></li>\r\n<li><strong>Nilcio Bitencourt da Silva (PTB)</strong> \u2013 Presidente (1999/2000)</li>\r\n<li><strong>Arlindo Faust (PSDB)</strong></li>\r\n<li><strong>Azenir dos Santos Cambruzzi (PPB)</strong></li>\r\n<li><strong>Nilso Fabris (PMDB)</strong></li>\r\n<li><strong>Euclides Gallina (PFL)</strong></li>\r\n<li><strong>Tranquilo Berra (PT)</strong></li>\r\n<li><strong>Jacinto Rosalino Mendes (PMDB)</strong>\u00a0- (in memoriam)</li>\r\n<li><strong>\u00c2ngelo Zanesco (PTB)</strong>\u00a0- (in memoriam).</li>\r\n</ul>\r\n<br /><hr />\r\n<h4><strong>TERCEIRA ADMINISTRA\u00c7\u00c3O (2001 \u2013 2004)</strong></h4>\r\n<p>Em outubro de 2000, o munic\u00edpio escolheu novamente <strong>Luiz Giacomini (PMDB)</strong> como prefeito, tendo como vice <strong>Nilcio Bitencourt da Silva (PDT)</strong>. Durante este mandato, destacaram-se melhorias na \u00e1rea da educa\u00e7\u00e3o e sa\u00fade, al\u00e9m da expans\u00e3o das estradas rurais.</p>\r\n<p>Os vereadores eleitos foram:</p>\r\n<ul>\r\n<li><strong>Arlindo Faust (PDT)</strong> \u2013 Presidente (2003/2004)</li>\r\n<li><strong>Ada Pasquali Confortin (PSDB) -</strong> (in memoriam)</li>\r\n<li><strong>Azenir dos Santos Cambruzzi (PSDB)</strong> \u2013 Presidente (2001/2002)</li>\r\n<li><strong>Auri Bitencourt da Silva (PDT)</strong></li>\r\n<li><strong>Jacinto Rosalino Mendes (PMDB) -</strong> (in memoriam)</li>\r\n<li><strong>Irineu Ant\u00f4nio Peruzzo (PPB)</strong>\u00a0-(in memoriam)</li>\r\n<li><strong>Nilso Fabris (PMDB)</strong></li>\r\n<li><strong>Vanderlei Fabris (PTB)</strong></li>\r\n<li><strong>Ant\u00f4nio Luiz Harttmann (PFL)</strong>.</li>\r\n</ul>\r\n<br /><hr />\r\n<h4><strong>QUARTA ADMINISTRA\u00c7\u00c3O (2005 \u2013 2008)</strong></h4>\r\n<p>Nas elei\u00e7\u00f5es de 2004, <strong>Rog\u00e9rio Gallina (PPS)</strong> foi eleito prefeito, junto ao vice <strong>Ivalino Trento (PP)</strong>. Este per\u00edodo foi caracterizado pela moderniza\u00e7\u00e3o da gest\u00e3o p\u00fablica e pelo incentivo \u00e0 agricultura familiar.</p>\r\n<p>Os vereadores eleitos foram:</p>\r\n<ul>\r\n<li><strong>Arvelindo Bonomi (PMDB)</strong></li>\r\n<li><strong>Auri Bitencourt da Silva (PT)</strong></li>\r\n<li><strong>Dirceo Moreira (PDT)</strong></li>\r\n<li><strong>Dirceu Francisco Camello (PMDB)</strong>\u00a0- (in memoriam)</li>\r\n<li><strong>Henrique dos Santos (PTB)</strong> \u2013 Presidente (2006)</li>\r\n<li><strong>Lindomar Mendes (PPS)</strong></li>\r\n<li><strong>Loreci Schwade (PMDB)</strong></li>\r\n<li><strong>Vanderlei Fabris (PTB)</strong> \u2013 Presidente (2007/2008)</li>\r\n<li><strong>Irineu Ant\u00f4nio Peruzzo (PP)\u00a0</strong>\u2013 Presidente (2005) -\u00a0<span>\u00a0(in memoriam).</span></li>\r\n</ul>\r\n<br /><hr />\r\n<h4><strong>QUINTA ADMINISTRA\u00c7\u00c3O (2009 \u2013 2012)</strong></h4>\r\n<p>Rog\u00e9rio Gallina foi reeleito em 2008, consolidando sua lideran\u00e7a e garantindo continuidade aos projetos j\u00e1 iniciados. Ele contou novamente com o vice <strong>Ivalino Trento (PP)</strong>.</p>\r\n<p>Os vereadores eleitos foram:</p>\r\n<ul>\r\n<li><strong>Ademir Demarchi (PP)</strong></li>\r\n<li><strong>Auri Bitencourt da Silva (PT)</strong></li>\r\n<li><strong>Celso Giacomini (PT)</strong></li>\r\n<li><strong>Dirceo Moreira (PDT)</strong> \u2013 Presidente (2011)</li>\r\n<li><strong>Henrique dos Santos (PR)</strong></li>\r\n<li><strong>Irineu Ant\u00f4nio Peruzzo (PP)</strong>\u00a0\u2013 Presidente (2009/2010) -\u00a0<span>(in memoriam)\u00a0</span></li>\r\n<li><strong>Lindomar Mendes (PPS)</strong></li>\r\n<li><strong>Sueli Civa Bochio (DEM)</strong> \u2013 Presidente (2012)</li>\r\n<li><strong>Vanderlei Fabris (PTB)</strong>.</li>\r\n</ul>\r\n<br /><hr />\r\n<h4><strong>SEXTA ADMINISTRA\u00c7\u00c3O (2012 \u2013 2016)</strong></h4>\r\n<p>Em 2012, <strong>Mauro C\u00e9sar Cenci (PV)</strong> foi eleito prefeito, com o vice <strong>Darlei Trento (PSDB)</strong>. Sua gest\u00e3o foi marcada por investimentos em energia el\u00e9trica, agricultura e programas sociais.</p>\r\n<p>Os vereadores eleitos foram:</p>\r\n<ul>\r\n<li><strong>Ademir Demarchi (PP)</strong> \u2013 Presidente (2013)</li>\r\n<li><strong>Auri Bitencourt da Silva (PT)</strong></li>\r\n<li><strong>Irineu Ant\u00f4nio Peruzzo (PP)</strong>\u00a0- (in memoriam)</li>\r\n<li><strong>Jo\u00e3o Rodolfo da Costa (PV)</strong></li>\r\n<li><strong>Josemar Ant\u00f4nio Cemin (PV)</strong> \u2013 Presidente (2015/2016)</li>\r\n<li><strong>Maria do Carmo Bochio (PSC)</strong></li>\r\n<li><strong>Neidelar Vicente Bocalon (PR)</strong></li>\r\n<li><strong>Setembrino Nath (PMDB)</strong></li>\r\n<li><strong>Sueli Civa Bochio (PSD)</strong> \u2013 Presidente (2014).</li>\r\n</ul>\r\n<br /><hr />\r\n<h4><strong>S\u00c9TIMA ADMINISTRA\u00c7\u00c3O (2017 \u2013 2020)</strong></h4>\r\n<p>Mauro C\u00e9sar Cenci foi reeleito em 2016, consolidando sua influ\u00eancia pol\u00edtica e mantendo como vice <strong>Darlei Trento (PSDB)</strong>.</p>\r\n<p>Os vereadores eleitos foram:</p>\r\n<ul>\r\n<li><strong>Ademir Demarchi (PSB)</strong></li>\r\n<li><strong>Auri Bitencourt da Silva (MDB)</strong> \u2013 Presidente (2019)</li>\r\n<li><strong>Eguinaldo Paulo Piaia (PMN)</strong></li>\r\n<li><strong>Gilberto Morando (PMN)</strong></li>\r\n<li><strong>Irineu Ant\u00f4nio Peruzzo (PP)\u00a0</strong>\u2013 Presidente (2017) -\u00a0<span>\u00a0(in memoriam)\u00a0</span></li>\r\n<li><strong>Josemar Ant\u00f4nio Cemin (PV)</strong></li>\r\n<li><strong>Neidelar Vicente Bocalon (PR)</strong> \u2013 Presidente (2018)</li>\r\n<li><strong>Setembrino Nath (MDB)</strong> \u2013 Presidente (2020)</li>\r\n<li><strong>Sueli Civa Bochio (PSD)</strong>.</li>\r\n</ul>\r\n<br /><hr />\r\n<h4><strong>OITAVA ADMINISTRA\u00c7\u00c3O (2021 \u2013 2024)</strong></h4>\r\n<p>Em 2020, <strong>Darlei Trento (PSD)</strong> foi eleito prefeito, com o vice <strong>Luiz Giacomini (MDB)</strong>. Esta administra\u00e7\u00e3o tem focado em inova\u00e7\u00e3o na gest\u00e3o p\u00fablica e no fortalecimento das atividades agr\u00edcolas e industriais.</p>\r\n<p>Os vereadores eleitos foram:</p>\r\n<ul>\r\n<li><strong>Auri Bitencourt da Silva (MDB)</strong></li>\r\n<li><strong>Celso Giacomini (PV)</strong></li>\r\n<li><strong>Felipe Forgiarini (PSD)\u00a0</strong>(Presidente no Bi\u00eanio 2023/2024)</li>\r\n<li><strong>Henrique dos Santos (PSD)</strong></li>\r\n<li><strong>Jos\u00e9 Carlos de Assis (PT)</strong>\u00a0(in memorian),\u00a0</li>\r\n<li><strong>Clayton Jonathan Bitencourt - (PT) - Substituindo o Vereador Jos\u00e9 Carlos de Assis falecido em 2022</strong></li>\r\n<li><strong>Josemar Ant\u00f4nio Cemin (PV)</strong> \u2013 Presidente (2021/2022)</li>\r\n<li><strong>Luis Fernando Vedana (PDT)</strong></li>\r\n<li><strong>Setembrino Nath (MDB)</strong></li>\r\n<li><strong>Valdir Bageston de Ramos (PDT)</strong>.</li>\r\n</ul>\r\n</div>\r\n<div></div>\r\n<div>\r\n<h3 style=\"text-align: justify; \"><strong>HIST\u00d3RICO POL\u00cdTICO DE SAUDADE DO IGUA\u00c7U \u2013 ATUALIZADO</strong></h3>\r\n<p style=\"text-align: justify; \">A hist\u00f3ria pol\u00edtica de Saudade do Igua\u00e7u \u00e9 rica em desafios, transi\u00e7\u00f5es e avan\u00e7os que refletem o compromisso de seus l\u00edderes e moradores com o desenvolvimento do munic\u00edpio. Desde sua emancipa\u00e7\u00e3o em 1992, a cidade consolidou sua governan\u00e7a atrav\u00e9s de gest\u00f5es comprometidas com a comunidade.</p>\r\n<hr />\r\n<h4 style=\"text-align: justify; \"><strong>GEST\u00c3O ATUAL (2025 \u2013 2028)</strong></h4>\r\n<p style=\"text-align: justify; \">Em outubro de 2024, o munic\u00edpio de Saudade do Igua\u00e7u escolheu <strong>Rog\u00e9rio Gallina (PP)</strong> como prefeito pela terceira vez, consolidando sua lideran\u00e7a e trajet\u00f3ria pol\u00edtica marcante na cidade. Rog\u00e9rio, que j\u00e1 havia governado o munic\u00edpio em duas gest\u00f5es anteriores, assumiu ao lado do vice-prefeito <strong>Celso Giacomini (PSB)</strong>, trazendo uma proposta de continuidade e inova\u00e7\u00e3o para a administra\u00e7\u00e3o p\u00fablica.</p>\r\n<p style=\"text-align: justify; \">A nova legislatura tomou posse em <strong>1\u00ba de janeiro de 2025</strong>. Os vereadores eleitos para o mandato foram:</p>\r\n<ul style=\"text-align: justify; \">\r\n<li><strong>Alexandro Bett - PSB</strong></li>\r\n<li><strong>Delci Bazzanella Nath - MDB</strong></li>\r\n<li><strong>Diego Trindade - PSD\u00a0</strong>(Presidente do Bi\u00eanio 2025/2026)</li>\r\n<li><strong>Divonei Roberto Panizzon - PP</strong></li>\r\n<li><strong>Emerson Martignago - PSB\u00a0</strong></li>\r\n<li><strong>Edelvan Lazare - PV</strong></li>\r\n<li><strong>Jo\u00e3o Pedro Hartmann - PT</strong></li>\r\n<li><strong>Laudemir Piontkoski - MDB</strong></li>\r\n<li><strong>Valdir Bageston de Ramos - PP</strong>.</li>\r\n</ul>\r\n<p style=\"text-align: justify; \"><strong>Diego Trindade</strong> foi eleito presidente da C\u00e2mara de Vereadores para o bi\u00eanio 2025/2026, refor\u00e7ando o compromisso de garantir uma legislatura participativa e comprometida com o progresso do munic\u00edpio.</p>\r\n</div>", "author_name": "Interlegis", "version": "1.0", "author_url": "https://www.saudadedoiguacu.pr.leg.br/author/Interlegis", "provider_name": "PODER LEGISLATIVO MUNICIPAL", "type": "rich"}