{"provider_url": "https://www.saudadedoiguacu.pr.leg.br", "title": "PROCURADORIA DA MULHER", "html": "<h4 data-start=\"342\" data-end=\"375\"><strong data-start=\"347\" data-end=\"373\">PROCURADORIA DA MULHER</strong></h4>\r\n<p data-start=\"376\" data-end=\"422\"><strong data-start=\"376\" data-end=\"422\">C\u00e2mara Municipal de Saudade do Igua\u00e7u \u2013 PR</strong></p>\r\n<p data-start=\"424\" data-end=\"502\">\ud83d\udccd <em data-start=\"427\" data-end=\"502\">Promovendo os direitos das mulheres e a igualdade de g\u00eanero no munic\u00edpio.</em></p>\r\n<hr data-start=\"504\" data-end=\"507\" />\r\n<h4 data-start=\"509\" data-end=\"534\">\ud83d\udc69\u200d\u2696\ufe0f <strong data-start=\"520\" data-end=\"534\">QUEM SOMOS</strong></h4>\r\n<p data-start=\"536\" data-end=\"690\">A <strong data-start=\"538\" data-end=\"564\">Procuradoria da Mulher</strong> \u00e9 um \u00f3rg\u00e3o permanente da C\u00e2mara Municipal de Saudade do Igua\u00e7u, criado pela <strong data-start=\"641\" data-end=\"672\">Lei Municipal n\u00ba 1.609/2025</strong>, com a miss\u00e3o de:</p>\r\n<p data-start=\"692\" data-end=\"844\">\u2705 Zelar pelos <strong data-start=\"706\" data-end=\"731\">direitos das mulheres</strong><br data-start=\"731\" data-end=\"734\" /> \u2705 Combater a <strong data-start=\"747\" data-end=\"788\">viol\u00eancia e a discrimina\u00e7\u00e3o de g\u00eanero</strong><br data-start=\"788\" data-end=\"791\" /> \u2705 Promover a <strong data-start=\"804\" data-end=\"844\">igualdade e o empoderamento feminino</strong></p>\r\n<hr data-start=\"846\" data-end=\"849\" />\r\n<h4 data-start=\"851\" data-end=\"893\">\ud83c\udfdb\ufe0f <strong data-start=\"860\" data-end=\"893\">COMPOSI\u00c7\u00c3O \u2013 BI\u00caNIO 2025/2026</strong></h4>\r\n<h4 data-start=\"851\" data-end=\"893\">PROCURADORA DA MULHER</h4>\r\n<h4 data-start=\"851\" data-end=\"893\"><span><br /></span></h4>\r\n<h4 data-start=\"851\" data-end=\"893\"><img src=\"https://www.saudadedoiguacu.pr.leg.br/imagens/DELCI.jpeg/@@images/5de79c7e-1592-4ef3-be1a-a4b04dda3d71.jpeg\" alt=\"\" class=\"image-inline\" title=\"\" /></h4>\r\n<h4 data-start=\"851\" data-end=\"893\"><span>Vereadora </span><strong data-start=\"937\" data-end=\"962\">Delci Bazzanella Nath</strong></h4>\r\n<h4 data-start=\"851\" data-end=\"893\"><strong data-start=\"966\" data-end=\"991\"><br /></strong></h4>\r\n<h4 data-start=\"851\" data-end=\"893\"><span><span>PROCURADORAS ADJUNTAS</span></span></h4>\r\n<p><span><span><img src=\"https://www.saudadedoiguacu.pr.leg.br/imagens/WhatsAppImage20250612at09.51.50.jpeg/@@images/62974ac9-1aac-4e28-bb23-37cc33630e45.jpeg\" alt=\"\" class=\"image-inline\" title=\"\" />\u00a0 \u00a0 \u00a0 \u00a0 \u00a0 \u00a0 \u00a0 \u00a0 \u00a0 \u00a0 \u00a0 \u00a0 \u00a0 \u00a0 \u00a0 \u00a0 \u00a0 \u00a0<img src=\"https://www.saudadedoiguacu.pr.leg.br/imagens/WhatsAppImage20250612at09.50.45.jpeg/@@images/e354682e-e90d-4eb8-8f0f-4566054e4f07.jpeg\" alt=\"\" class=\"image-inline\" title=\"\" /></span></span></p>\r\n<h4 data-start=\"851\" data-end=\"893\"><strong data-start=\"1007\" data-end=\"1024\">\u00a0Cleide Baggio\u00a0 \u00a0 \u00a0 \u00a0 \u00a0 \u00a0 \u00a0 \u00a0 \u00a0 \u00a0 \u00a0 \u00a0 \u00a0 \u00a0 \u00a0 \u00a0 \u00a0 \u00a0 \u00a0 \u00a0 Daniela Camello</strong></h4>\r\n<p data-start=\"1048\" data-end=\"1120\">\u00a0</p>\r\n<p data-start=\"1048\" data-end=\"1120\">Designadas conforme a <strong data-start=\"1070\" data-end=\"1093\">Portaria n\u00ba 10/2025</strong>, com mandato de dois anos.</p>\r\n<hr data-start=\"1122\" data-end=\"1125\" />\r\n<h3 data-start=\"1127\" data-end=\"1152\"><span>\ud83d\udcbc </span><strong data-start=\"1162\" data-end=\"1183\">NOSSAS ATIVIDADES</strong></h3>\r\n<ul data-start=\"1185\" data-end=\"1519\">\r\n<li data-start=\"1185\" data-end=\"1267\">\r\n<p data-start=\"1187\" data-end=\"1267\">Receber e encaminhar <strong data-start=\"1208\" data-end=\"1231\">den\u00fancias e relatos</strong> de viol\u00eancia e viola\u00e7\u00e3o de direitos</p>\r\n</li>\r\n<li data-start=\"1268\" data-end=\"1330\">\r\n<p data-start=\"1270\" data-end=\"1330\">Propor e acompanhar <strong data-start=\"1290\" data-end=\"1330\">pol\u00edticas p\u00fablicas e projetos de lei</strong></p>\r\n</li>\r\n<li data-start=\"1331\" data-end=\"1393\">\r\n<p data-start=\"1333\" data-end=\"1393\">Realizar <strong data-start=\"1342\" data-end=\"1366\">campanhas educativas</strong> e a\u00e7\u00f5es de conscientiza\u00e7\u00e3o</p>\r\n</li>\r\n<li data-start=\"1394\" data-end=\"1440\">\r\n<p data-start=\"1396\" data-end=\"1440\">Promover <strong data-start=\"1405\" data-end=\"1440\">eventos, palestras e semin\u00e1rios</strong></p>\r\n</li>\r\n<li data-start=\"1441\" data-end=\"1519\">\r\n<p data-start=\"1443\" data-end=\"1519\">Estimular a <strong data-start=\"1455\" data-end=\"1496\">participa\u00e7\u00e3o das mulheres na pol\u00edtica</strong> e nos espa\u00e7os de poder</p>\r\n</li>\r\n</ul>\r\n<hr data-start=\"1521\" data-end=\"1524\" />\r\n<h4 data-start=\"1526\" data-end=\"1554\">\ud83d\udcde <strong data-start=\"1534\" data-end=\"1554\">FALE COM A GENTE</strong></h4>\r\n<p data-start=\"1556\" data-end=\"1676\">\ud83d\udce9 <strong data-start=\"1559\" data-end=\"1570\">E-mail:\u00a0</strong><a class=\"cursor-pointer\" rel=\"noopener\" data-start=\"1573\" data-end=\"1676\">procuradoriadamulher@saudadedoiguacu.pr.leg.br</a></p>\r\n<p data-start=\"1678\" data-end=\"1723\">\ud83d\udcde <strong data-start=\"1681\" data-end=\"1703\">Telefone Gratuito:\u00a0</strong><strong data-start=\"1706\" data-end=\"1723\">0800 090 6545</strong></p>\r\n<p data-start=\"1725\" data-end=\"1836\">\ud83d\udccd <strong data-start=\"1728\" data-end=\"1755\">Atendimento presencial:\u00a0</strong><strong data-start=\"1758\" data-end=\"1836\">Rua Valentin Olivo, 727 \u2013 C\u00e2mara Municipal \u2013 Centro \u2013 Saudade do Igua\u00e7u/PR</strong></p>\r\n<p data-start=\"1838\" data-end=\"1928\">\ud83d\udd52 <strong data-start=\"1841\" data-end=\"1868\">Hor\u00e1rio de Atendimento:</strong><br data-start=\"1868\" data-end=\"1871\" /> De segunda a sexta-feira<br data-start=\"1895\" data-end=\"1898\" /> Das 8h \u00e0s 12h e das 13h \u00e0s 17h</p>\r\n<hr data-start=\"1930\" data-end=\"1933\" />\r\n<h3 data-start=\"1935\" data-end=\"2004\">\ud83e\udd1d <strong data-start=\"1942\" data-end=\"2004\">JUNTAS POR UMA SOCIEDADE MAIS JUSTA, SEGURA E IGUALIT\u00c1RIA!</strong></h3>\r\n<p data-start=\"2006\" data-end=\"2094\"><strong data-start=\"2006\" data-end=\"2052\">C\u00e2mara Municipal de Saudade do Igua\u00e7u \u2013 PR</strong><br data-start=\"2052\" data-end=\"2055\" /> Legislando com responsabilidade social.</p>", "author_name": "", "version": "1.0", "author_url": "https://www.saudadedoiguacu.pr.leg.br/author/Adriano", "provider_name": "PODER LEGISLATIVO MUNICIPAL", "type": "rich"}